[{"@context":"https:\/\/schema.org\/","@type":"Article","@id":"https:\/\/www.hake.cz\/prijemne-chladno-i-v-letnich-mesicich\/#Article","mainEntityOfPage":"https:\/\/www.hake.cz\/prijemne-chladno-i-v-letnich-mesicich\/","headline":"P\u0159\u00edjemn\u00e9 chladno i v letn\u00edch m\u011bs\u00edc\u00edch","name":"P\u0159\u00edjemn\u00e9 chladno i v letn\u00edch m\u011bs\u00edc\u00edch","description":"Teplo je n\u00e1m p\u0159\u00edjemn\u00e9, horko v\u0161ak u\u017e nikoliv. Proto jsou v posledn\u00edch letech letn\u00ed m\u011bs\u00edce mnohem m\u00e9n\u011b obl\u00edben\u00e9 ne\u017e ty jarn\u00ed. Na ja\u0159e se toti\u017e nevyskytuj\u00ed tropick\u00e9 dny, zat\u00edmco v [&hellip;]","datePublished":"2023-04-11","dateModified":"2024-02-01","author":{"@type":"Person","@id":"https:\/\/www.hake.cz\/author\/#Person","name":"","url":"https:\/\/www.hake.cz\/author\/","identifier":1,"image":{"@type":"ImageObject","@id":"https:\/\/secure.gravatar.com\/avatar\/383247cd769f7ac317a5bcda943ec48a3c79d996598ae4564ec21a0e178126d1?s=96&d=mm&r=g","url":"https:\/\/secure.gravatar.com\/avatar\/383247cd769f7ac317a5bcda943ec48a3c79d996598ae4564ec21a0e178126d1?s=96&d=mm&r=g","height":96,"width":96}},"publisher":{"@type":"Organization","name":"hake.cz","logo":{"@type":"ImageObject","@id":"\/logo.png","url":"\/logo.png","width":600,"height":60}},"image":{"@type":"ImageObject","@id":"https:\/\/www.hake.cz\/wp-content\/uploads\/St%C5%99echa.jpg","url":"https:\/\/www.hake.cz\/wp-content\/uploads\/St%C5%99echa.jpg","height":0,"width":0},"url":"https:\/\/www.hake.cz\/prijemne-chladno-i-v-letnich-mesicich\/","about":["Slu\u017eby"],"wordCount":403,"articleBody":"   Teplo je n\u00e1m p\u0159\u00edjemn\u00e9, horko v\u0161ak u\u017e nikoliv. Proto jsou v posledn\u00edch letech letn\u00ed m\u011bs\u00edce mnohem m\u00e9n\u011b obl\u00edben\u00e9 ne\u017e ty jarn\u00ed. Na ja\u0159e se toti\u017e nevyskytuj\u00ed tropick\u00e9 dny, zat\u00edmco v l\u00e9t\u011b jich b\u00fdv\u00e1 pom\u011brn\u011b dost, zvl\u00e1\u0161t\u011b pak v posledn\u00ed dek\u00e1d\u011b. Vyhnout se tropick\u00fdm venkovn\u00edm teplot\u00e1m \u00fapln\u011b ned\u00e1, nicm\u00e9n\u011b je mo\u017en\u00e9 u\u010dinit n\u011bkolik efektivn\u00edch protiopat\u0159en\u00ed, d\u00edky kter\u00fdm m\u016f\u017eeme sn\u00e1\u0161et toto po\u010das\u00ed mnohem l\u00e9pe. Z\u00e1kladem je samoz\u0159ejm\u011b zv\u00fd\u0161en\u00fd p\u0159\u00edsun tekutin. Pouze zavodn\u011bn\u00fd organismus se dok\u00e1\u017ee adaptovat na velk\u00e1 vedra. A to plat\u00ed nejen pro \u010dlov\u011bka, ale tak\u00e9 pro faunu a fl\u00f3ru. Proto i jim bych m\u011bli dod\u00e1vat v\u00edce tekutin ne\u017e t\u0159eba na podzim.Jsou zde v\u0161ak i jin\u00e9 mo\u017enosti, jak si trochu vylep\u0161it v horku situaci. Jednou z t\u011bch ne\u00fa\u010dinn\u011bj\u0161\u00edch metod je koup\u011b klimatizace Olomouc https:\/\/www.sunus.cz\/klimatizace. Jedn\u00e1 se o za\u0159\u00edzen\u00ed, kter\u00e9 dok\u00e1\u017ee vytvo\u0159it doma i v kancel\u00e1\u0159i tak\u0159ka dokonalou tepelnou pohodu. Dobr\u00e1 cenaKupodivu nejde ani o nic drah\u00e9ho. Ano, klimatizace jsou pom\u011brn\u011b sofistikovan\u00e1 za\u0159\u00edzen\u00ed, zvl\u00e1\u0161t\u011b sou\u010dasn\u00e9 modely, av\u0161ak i p\u0159esto se prod\u00e1vaj\u00ed za docela dobr\u00fdch cenov\u00fdch podm\u00ednek. Zvl\u00e1\u0161t\u011b to pak plat\u00ed pro st\u0159edn\u00ed t\u0159\u00eddu, pota\u017emo verze ni\u017e\u0161\u00ed kategorie. Ty jsou obvykle pro b\u011b\u017enou dom\u00e1cnost v\u00edce ne\u017e dosta\u010duj\u00edc\u00ed. P\u0159\u00edjemn\u00e1 je rovn\u011b\u017e spot\u0159eba, kter\u00e1 je u nov\u00fdch typ\u016f docela mal\u00e1, tak\u017ee si \u010dlov\u011bk m\u016f\u017ee ud\u011blat doma p\u0159\u00edjemn\u00e9 klima, ani\u017e by musel m\u00edt strach z p\u0159\u00edli\u0161 velk\u00fdch v\u00fddaj\u016f.Klimatizace je u\u017eite\u010dn\u00e1 i pro sv\u00e9 prokazateln\u00e9 zdravotn\u00ed benefity. Hlavn\u011b alergici, kte\u0159\u00ed jsou citliv\u011bj\u0161\u00ed na pyl  http:\/\/www.rehabilitace.info\/zdravotni\/vceli-pyl-a-zdravi-je-to-prirodni-lek-s-prospesnymi-latkami\/ a prach, tento druh za\u0159\u00edzen\u00ed bezpochyby dok\u00e1\u017e\u00ed ocenit. P\u0159\u00edstroj toti\u017e ve\u0161ker\u00fd vzduch, kter\u00fd \u010derp\u00e1 z venku, nejen ochlazuje, ale z\u00e1rove\u0148 tak\u00e9 filtruje. Do m\u00edstnosti tak pronik\u00e1 v\u017edy \u010dist\u00fd vzduch prost\u00fd pylu, prachu \u010di dal\u0161\u00edch dr\u00e1\u017ediv\u00fdch \u010d\u00e1stic, kter\u00e9 mohou po\u0161kozovat zdrav\u00ed lid\u00ed i zv\u00ed\u0159at. Nav\u00edc pravideln\u00e1 v\u00fdm\u011bna vzduchu vede k vyhuben\u00ed pl\u00edsn\u00ed, co\u017e je dal\u0161\u00ed p\u0159\u00edjemn\u00fd bonus.                                                                                                                                                                                                                                                                                                                                                                                          4.2\/5 - (15 votes)        "},{"@context":"https:\/\/schema.org\/","@type":"BreadcrumbList","itemListElement":[{"@type":"ListItem","position":1,"name":"P\u0159\u00edjemn\u00e9 chladno i v letn\u00edch m\u011bs\u00edc\u00edch","item":"https:\/\/www.hake.cz\/prijemne-chladno-i-v-letnich-mesicich\/#breadcrumbitem"}]}]