[{"@context":"https:\/\/schema.org\/","@type":"Article","@id":"https:\/\/www.hake.cz\/retro-nabytek\/#Article","mainEntityOfPage":"https:\/\/www.hake.cz\/retro-nabytek\/","headline":"Retro n\u00e1bytek","name":"Retro n\u00e1bytek","description":"Hn\u011bd\u00e1 selsk\u00e1 malovan\u00e1 kredenc je opravdu moc kr\u00e1sn\u00fd retro dopln\u011bk chaty nebo dal\u0161\u00edch staven\u00ed. J\u00e1 m\u00e1m doma taky jeden malovan\u00fd kredenc, kter\u00fd jsme zd\u011bdila po m\u00e9 babi\u010dce. A i ta [&hellip;]","datePublished":"2022-05-30","dateModified":"2023-05-06","author":{"@type":"Person","@id":"https:\/\/www.hake.cz\/author\/#Person","name":"","url":"https:\/\/www.hake.cz\/author\/","identifier":1,"image":{"@type":"ImageObject","@id":"https:\/\/secure.gravatar.com\/avatar\/383247cd769f7ac317a5bcda943ec48a3c79d996598ae4564ec21a0e178126d1?s=96&d=mm&r=g","url":"https:\/\/secure.gravatar.com\/avatar\/383247cd769f7ac317a5bcda943ec48a3c79d996598ae4564ec21a0e178126d1?s=96&d=mm&r=g","height":96,"width":96}},"publisher":{"@type":"Organization","name":"hake.cz","logo":{"@type":"ImageObject","@id":"\/logo.png","url":"\/logo.png","width":600,"height":60}},"image":{"@type":"ImageObject","@id":"https:\/\/www.hake.cz\/wp-content\/uploads\/text3_3.jpg","url":"https:\/\/www.hake.cz\/wp-content\/uploads\/text3_3.jpg","height":0,"width":0},"url":"https:\/\/www.hake.cz\/retro-nabytek\/","about":["Zbo\u017e\u00ed"],"wordCount":411,"articleBody":"    Hn\u011bd\u00e1 selsk\u00e1 malovan\u00e1 kredenc je opravdu moc kr\u00e1sn\u00fd retro dopln\u011bk chaty nebo dal\u0161\u00edch staven\u00ed. J\u00e1 m\u00e1m doma taky jeden malovan\u00fd kredenc, kter\u00fd jsme zd\u011bdila po m\u00e9 babi\u010dce. A i ta ho m\u00e1 zd\u011bd\u011bn\u00fd, tak\u017ee \u00fapln\u00fd p\u016fvod tohoto kredence nezn\u00e1me, ale to v\u016fbec nevad\u00ed. Hlavn\u011b \u017ee je p\u011bkn\u00fd a velmi zachoval\u00fd. Hn\u011bd\u00fd selsk\u00fd malovan\u00fd kredenc je taky v posledn\u00ed dob\u011b velmi obl\u00edben\u00fd pro svou funk\u010dnost a taky hlavn\u011b prakti\u010dnost. Kredence jsou velmi praktick\u00e9 a byly u\u017e v d\u0159\u00edv\u011bj\u0161\u00edch dob\u00e1ch. J\u00e1 ani vlastn\u011b nev\u00edm, k \u010demu kredence vlastn\u011b tak \u00fapln\u011b slou\u017eily. T\u0159eba na potraviny? Mysl\u00edm ale, \u017ee v t\u00e9 dob\u011b asi moc velk\u00e9 z\u00e1soby j\u00eddla b\u00fdt nemohli.Ale zase co by jinak v kredenci mohlo b\u00fdt? Podle moj\u00ed babi\u010dky tam bylo pr\u00fd v\u0161echno, co se nikam neve\u0161lo. Ale hlavn\u011b pr\u00fd tedy ko\u0159en\u00ed a r\u016fzn\u00e9 n\u00e1dob\u00ed, co\u017e jist\u011b ch\u00e1pu. V t\u00e9 dob\u011b nebylo m\u00edsto na blbosti, ale sp\u00ed\u0161e se dbalo na to, aby rodina p\u0159e\u017eila a m\u011bla st\u00e1le co j\u00edst. Hn\u011bd\u00fd selsk\u00fd malovan\u00fd kredenc je ale nyn\u00ed velmi vz\u00e1cn\u00fd, proto\u017ee nyn\u00ed se ji\u017e nevyr\u00e1b\u00ed. Mo\u017en\u00e1 ale jenom jeho n\u00e1hra\u017eky a napodobeniny kredenc\u016f, ale aby byl origin\u00e1ln\u00ed malovan\u00fd kredenc, tak to asi u\u017e v\u016fbec nese\u017eenete. Tedy mysl\u00edm jako nov\u00fd. V dne\u0161n\u00ed dob\u011b jsou selsk\u00fd malovan\u00fd kredence velmi obl\u00edben\u00fd a daj\u00ed se sehnat na bazaru nebo na r\u016fzn\u00fdch gar\u00e1\u017eov\u00fdch v\u00fdprodej\u016f J\u00e1 sama jsme tam taky p\u00e1r na\u0161la. Mimo babi\u010d\u010din star\u00fd selsk\u00fd malovan\u00fd kredenc jsme taky je\u0161t\u011b jeden koupila ve v\u00fdprodeji. Byl opravdu kr\u00e1sn\u00fd a cel\u00fd malovan\u00fd. Kr\u00e1sn\u00e9 slune\u010dnice na sob\u011b m\u011bl a mysl\u00edm, \u017ee byl z konce devaten\u00e1ct\u00e9ho stolet\u00ed. A byl jako nov\u00fd! Hn\u011bd\u00fd selsk\u00fd malovan\u00fd kredenc je op\u011bt na vrcholu a skv\u011ble se hod\u00ed i do modern\u00edch interi\u00e9r\u016f. A v\u00e1m se l\u00edb\u00ed hn\u011bd\u00fd selsk\u00fd malovan\u00fd kredenc? V\u00edm, \u017ee je to velmi specifick\u00fd kus n\u00e1bytku, a ne v\u0161ichni ho maj\u00ed r\u00e1di, ale tady jde sp\u00ed\u0161e o retro ducha. Nav\u00edc hn\u011bd\u00fd selsk\u00fd malovan\u00fd kredenc m\u00e1 v sob\u011b kus na\u0161\u00ed \u010desk\u00e9 historie a m\u011b se to moc l\u00edb\u00ed.                                                                                                                                                                                                                                                                                                                                                                                                  "},{"@context":"https:\/\/schema.org\/","@type":"BreadcrumbList","itemListElement":[{"@type":"ListItem","position":1,"name":"Retro n\u00e1bytek","item":"https:\/\/www.hake.cz\/retro-nabytek\/#breadcrumbitem"}]}]